{"id":32528,"date":"2024-08-28T16:15:53","date_gmt":"2024-08-28T16:15:53","guid":{"rendered":"https:\/\/quepocamadre.com\/?p=32528"},"modified":"2024-08-28T16:15:53","modified_gmt":"2024-08-28T16:15:53","slug":"como-juan-por-su-casa-se-metia-a-robarse-lo-que-podia","status":"publish","type":"post","link":"https:\/\/quepocamadre.com\/?p=32528","title":{"rendered":"\u00a1Como Juan por su casa! Se met\u00eda a robarse lo que pod\u00eda"},"content":{"rendered":"<p>Tras una llamada al 9 1 1, agentes de la Polic\u00eda Estatal y Municipal de Ixtlahuaca, Edom\u00e9x, agarraron a Gustavo \u201cN\u201d de 23 a\u00f1os, al interior de una vivienda ubicada entre las avenidas 24 de febrero y Revoluci\u00f3n, de la Colonia San Pedro de los Ba\u00f1os.<\/p>\n<p>De acuerdo con lo recabado, este sujeto ingresaba a las casas para robarse todo lo que pod\u00eda de valor, acab\u00f3 ante el Ministerio P\u00fablico. Si lo reconoce, den\u00fancielo ante la Fiscal\u00eda General de Justicia del Estado de M\u00e9xico (FGJEM) o Secretar\u00eda de Seguridad (SSEM).<\/p>\n","protected":false},"excerpt":{"rendered":"<p>Tras una llamada al 9 1 1, agentes de la Polic\u00eda Estatal y Municipal de Ixtlahuaca, Edom\u00e9x, agarraron a Gustavo \u201cN\u201d de 23 a\u00f1os, al interior de una vivienda ubicada entre las avenidas 24 de febrero y Revoluci\u00f3n, de la Colonia San Pedro de los Ba\u00f1os. De acuerdo con lo recabado, este sujeto ingresaba a [&hellip;]<\/p>\n","protected":false},"author":1,"featured_media":32529,"comment_status":"open","ping_status":"open","sticky":false,"template":"","format":"standard","meta":{"footnotes":""},"categories":[102,257],"tags":[],"class_list":["post-32528","post","type-post","status-publish","format-standard","has-post-thumbnail","hentry","category-edomex","category-ixtlahuaca"],"_links":{"self":[{"href":"https:\/\/quepocamadre.com\/index.php?rest_route=\/wp\/v2\/posts\/32528","targetHints":{"allow":["GET"]}}],"collection":[{"href":"https:\/\/quepocamadre.com\/index.php?rest_route=\/wp\/v2\/posts"}],"about":[{"href":"https:\/\/quepocamadre.com\/index.php?rest_route=\/wp\/v2\/types\/post"}],"author":[{"embeddable":true,"href":"https:\/\/quepocamadre.com\/index.php?rest_route=\/wp\/v2\/users\/1"}],"replies":[{"embeddable":true,"href":"https:\/\/quepocamadre.com\/index.php?rest_route=%2Fwp%2Fv2%2Fcomments&post=32528"}],"version-history":[{"count":1,"href":"https:\/\/quepocamadre.com\/index.php?rest_route=\/wp\/v2\/posts\/32528\/revisions"}],"predecessor-version":[{"id":32530,"href":"https:\/\/quepocamadre.com\/index.php?rest_route=\/wp\/v2\/posts\/32528\/revisions\/32530"}],"wp:featuredmedia":[{"embeddable":true,"href":"https:\/\/quepocamadre.com\/index.php?rest_route=\/wp\/v2\/media\/32529"}],"wp:attachment":[{"href":"https:\/\/quepocamadre.com\/index.php?rest_route=%2Fwp%2Fv2%2Fmedia&parent=32528"}],"wp:term":[{"taxonomy":"category","embeddable":true,"href":"https:\/\/quepocamadre.com\/index.php?rest_route=%2Fwp%2Fv2%2Fcategories&post=32528"},{"taxonomy":"post_tag","embeddable":true,"href":"https:\/\/quepocamadre.com\/index.php?rest_route=%2Fwp%2Fv2%2Ftags&post=32528"}],"curies":[{"name":"wp","href":"https:\/\/api.w.org\/{rel}","templated":true}]}}