{"id":32046,"date":"2024-08-21T14:58:29","date_gmt":"2024-08-21T14:58:29","guid":{"rendered":"https:\/\/quepocamadre.com\/?p=32046"},"modified":"2025-11-05T13:30:59","modified_gmt":"2025-11-05T19:30:59","slug":"se-la-dejan-ir-presunto-secuestrador-y-rata-enfrentara-a-la-justicia","status":"publish","type":"post","link":"https:\/\/quepocamadre.com\/?p=32046","title":{"rendered":"\u00a1Se la dejan ir! Presunto secuestrador y rata enfrentar\u00e1 a la justicia"},"content":{"rendered":"<p>Por el delito de secuestro expr\u00e9s con fines de robo, Aar\u00f3n \u201cN\u201d, fue vinculado a proceso despu\u00e9s de que la Fiscal\u00eda General de Justicia del Estado de M\u00e9xico (FGJEM), acreditara su probable intervenci\u00f3n en el delito de privaci\u00f3n de la libertad, cometido en el municipio de Huehuetoca, Edomex, el pasado 14 de agosto.<\/p>\n<p>El ahora detenido y otros individuos habr\u00edan retenido al conductor de una unidad de carga y a dos elementos que lo custodiaban, con la finalidad de despojarlos de mercanc\u00eda consistente en bebidas alcoh\u00f3licas, con un valor de 5 millones de pesos.<\/p>\n","protected":false},"excerpt":{"rendered":"<p>Por el delito de secuestro expr\u00e9s con fines de robo, Aar\u00f3n \u201cN\u201d, fue vinculado a proceso despu\u00e9s de que la Fiscal\u00eda General de Justicia del Estado de M\u00e9xico (FGJEM), acreditara su probable intervenci\u00f3n en el delito de privaci\u00f3n de la libertad, cometido en el municipio de Huehuetoca, Edomex, el pasado 14 de agosto. El ahora [&hellip;]<\/p>\n","protected":false},"author":1,"featured_media":57725,"comment_status":"open","ping_status":"open","sticky":false,"template":"","format":"standard","meta":{"footnotes":""},"categories":[102,254],"tags":[],"class_list":["post-32046","post","type-post","status-publish","format-standard","has-post-thumbnail","hentry","category-edomex","category-huehuetoca"],"_links":{"self":[{"href":"https:\/\/quepocamadre.com\/index.php?rest_route=\/wp\/v2\/posts\/32046","targetHints":{"allow":["GET"]}}],"collection":[{"href":"https:\/\/quepocamadre.com\/index.php?rest_route=\/wp\/v2\/posts"}],"about":[{"href":"https:\/\/quepocamadre.com\/index.php?rest_route=\/wp\/v2\/types\/post"}],"author":[{"embeddable":true,"href":"https:\/\/quepocamadre.com\/index.php?rest_route=\/wp\/v2\/users\/1"}],"replies":[{"embeddable":true,"href":"https:\/\/quepocamadre.com\/index.php?rest_route=%2Fwp%2Fv2%2Fcomments&post=32046"}],"version-history":[{"count":1,"href":"https:\/\/quepocamadre.com\/index.php?rest_route=\/wp\/v2\/posts\/32046\/revisions"}],"predecessor-version":[{"id":32048,"href":"https:\/\/quepocamadre.com\/index.php?rest_route=\/wp\/v2\/posts\/32046\/revisions\/32048"}],"wp:featuredmedia":[{"embeddable":true,"href":"https:\/\/quepocamadre.com\/index.php?rest_route=\/wp\/v2\/media\/57725"}],"wp:attachment":[{"href":"https:\/\/quepocamadre.com\/index.php?rest_route=%2Fwp%2Fv2%2Fmedia&parent=32046"}],"wp:term":[{"taxonomy":"category","embeddable":true,"href":"https:\/\/quepocamadre.com\/index.php?rest_route=%2Fwp%2Fv2%2Fcategories&post=32046"},{"taxonomy":"post_tag","embeddable":true,"href":"https:\/\/quepocamadre.com\/index.php?rest_route=%2Fwp%2Fv2%2Ftags&post=32046"}],"curies":[{"name":"wp","href":"https:\/\/api.w.org\/{rel}","templated":true}]}}