{"id":31869,"date":"2024-08-19T16:38:09","date_gmt":"2024-08-19T16:38:09","guid":{"rendered":"https:\/\/quepocamadre.com\/?p=31869"},"modified":"2025-11-05T10:59:55","modified_gmt":"2025-11-05T16:59:55","slug":"asesinan-al-regidor-electo-de-tultepec-el-politico-fue-ejecutado-dentro-de-una-tortilleria","status":"publish","type":"post","link":"https:\/\/quepocamadre.com\/?p=31869","title":{"rendered":"\u00a1ASESINAN AL REGIDOR ELECTO DE TULTEPEC! el pol\u00edtico fue ejecutado dentro de una tortiller\u00eda"},"content":{"rendered":"<p>Israel Cruz Carrisoza, regidor electo de Tultepec, Estado de M\u00e9xico, fue asesinado al interior de una tortiller\u00eda de su propiedad, en la colonia La Cantera de dicho municipio. Un sujeto armado dispar\u00f3 en varias ocasiones contra Cruz, lo que le provoc\u00f3 la muerte. Al llegar los param\u00e9dicos, constataron que el pol\u00edtico ya no ten\u00eda signos vitales, por lo que certificaron su muerte.<\/p>\n<p>El coordinador emecista en el Estado de M\u00e9xico, Juan Zepeda, exigi\u00f3 justicia y la pronta intervenci\u00f3n de las autoridades para esclarecer el hecho.<\/p>\n","protected":false},"excerpt":{"rendered":"<p>Israel Cruz Carrisoza, regidor electo de Tultepec, Estado de M\u00e9xico, fue asesinado al interior de una tortiller\u00eda de su propiedad, en la colonia La Cantera de dicho municipio. Un sujeto armado dispar\u00f3 en varias ocasiones contra Cruz, lo que le provoc\u00f3 la muerte. Al llegar los param\u00e9dicos, constataron que el pol\u00edtico ya no ten\u00eda signos [&hellip;]<\/p>\n","protected":false},"author":1,"featured_media":57661,"comment_status":"open","ping_status":"open","sticky":false,"template":"","format":"standard","meta":{"footnotes":""},"categories":[102,252],"tags":[],"class_list":["post-31869","post","type-post","status-publish","format-standard","has-post-thumbnail","hentry","category-edomex","category-tultepec"],"_links":{"self":[{"href":"https:\/\/quepocamadre.com\/index.php?rest_route=\/wp\/v2\/posts\/31869","targetHints":{"allow":["GET"]}}],"collection":[{"href":"https:\/\/quepocamadre.com\/index.php?rest_route=\/wp\/v2\/posts"}],"about":[{"href":"https:\/\/quepocamadre.com\/index.php?rest_route=\/wp\/v2\/types\/post"}],"author":[{"embeddable":true,"href":"https:\/\/quepocamadre.com\/index.php?rest_route=\/wp\/v2\/users\/1"}],"replies":[{"embeddable":true,"href":"https:\/\/quepocamadre.com\/index.php?rest_route=%2Fwp%2Fv2%2Fcomments&post=31869"}],"version-history":[{"count":1,"href":"https:\/\/quepocamadre.com\/index.php?rest_route=\/wp\/v2\/posts\/31869\/revisions"}],"predecessor-version":[{"id":31871,"href":"https:\/\/quepocamadre.com\/index.php?rest_route=\/wp\/v2\/posts\/31869\/revisions\/31871"}],"wp:featuredmedia":[{"embeddable":true,"href":"https:\/\/quepocamadre.com\/index.php?rest_route=\/wp\/v2\/media\/57661"}],"wp:attachment":[{"href":"https:\/\/quepocamadre.com\/index.php?rest_route=%2Fwp%2Fv2%2Fmedia&parent=31869"}],"wp:term":[{"taxonomy":"category","embeddable":true,"href":"https:\/\/quepocamadre.com\/index.php?rest_route=%2Fwp%2Fv2%2Fcategories&post=31869"},{"taxonomy":"post_tag","embeddable":true,"href":"https:\/\/quepocamadre.com\/index.php?rest_route=%2Fwp%2Fv2%2Ftags&post=31869"}],"curies":[{"name":"wp","href":"https:\/\/api.w.org\/{rel}","templated":true}]}}