{"id":25393,"date":"2023-02-08T15:39:29","date_gmt":"2023-02-08T15:39:29","guid":{"rendered":"https:\/\/quepocamadre.com\/?p=25393"},"modified":"2023-02-08T15:39:29","modified_gmt":"2023-02-08T15:39:29","slug":"termino-embestido-por-no-hacer-caso-al-silvido-del-tren","status":"publish","type":"post","link":"https:\/\/quepocamadre.com\/?p=25393","title":{"rendered":"TERMIN\u00d3 EMBESTIDO POR NO HACER CASO AL SILVIDO DEL TREN"},"content":{"rendered":"<p>Una persona en situaci\u00f3n de calle muri\u00f3 atropellada en las v\u00edas del tren que cruzan entre las colonias Guadalupe Victoria y La Trinidad, en el Centro de #Quer\u00e9taro.<\/p>\n<p>La v\u00edctima de aproximadamente 35 a\u00f1os de edad, quien aparentemente hizo caso omiso del sonido del silbato del tren termin\u00f3 siendo embestido por uno de los furgones. El cuerpo de la persona qued\u00f3 debajo de uno de estos.<\/p>\n<p><img fetchpriority=\"high\" decoding=\"async\" class=\"alignnone  wp-image-25394\" src=\"https:\/\/quepocamadre.com\/wp-content\/uploads\/2023\/02\/DISENO-FOTO-VIDEO-2023-02-08T093756.638-400x335.png\" alt=\"\" width=\"300\" height=\"251\" srcset=\"https:\/\/quepocamadre.com\/wp-content\/uploads\/2023\/02\/DISENO-FOTO-VIDEO-2023-02-08T093756.638-400x335.png 400w, https:\/\/quepocamadre.com\/wp-content\/uploads\/2023\/02\/DISENO-FOTO-VIDEO-2023-02-08T093756.638-650x545.png 650w, https:\/\/quepocamadre.com\/wp-content\/uploads\/2023\/02\/DISENO-FOTO-VIDEO-2023-02-08T093756.638-250x210.png 250w, https:\/\/quepocamadre.com\/wp-content\/uploads\/2023\/02\/DISENO-FOTO-VIDEO-2023-02-08T093756.638-768x644.png 768w, https:\/\/quepocamadre.com\/wp-content\/uploads\/2023\/02\/DISENO-FOTO-VIDEO-2023-02-08T093756.638-150x126.png 150w, https:\/\/quepocamadre.com\/wp-content\/uploads\/2023\/02\/DISENO-FOTO-VIDEO-2023-02-08T093756.638-50x42.png 50w, https:\/\/quepocamadre.com\/wp-content\/uploads\/2023\/02\/DISENO-FOTO-VIDEO-2023-02-08T093756.638-100x84.png 100w, https:\/\/quepocamadre.com\/wp-content\/uploads\/2023\/02\/DISENO-FOTO-VIDEO-2023-02-08T093756.638-200x168.png 200w, https:\/\/quepocamadre.com\/wp-content\/uploads\/2023\/02\/DISENO-FOTO-VIDEO-2023-02-08T093756.638-300x251.png 300w, https:\/\/quepocamadre.com\/wp-content\/uploads\/2023\/02\/DISENO-FOTO-VIDEO-2023-02-08T093756.638-350x293.png 350w, https:\/\/quepocamadre.com\/wp-content\/uploads\/2023\/02\/DISENO-FOTO-VIDEO-2023-02-08T093756.638-450x377.png 450w, https:\/\/quepocamadre.com\/wp-content\/uploads\/2023\/02\/DISENO-FOTO-VIDEO-2023-02-08T093756.638-500x419.png 500w, https:\/\/quepocamadre.com\/wp-content\/uploads\/2023\/02\/DISENO-FOTO-VIDEO-2023-02-08T093756.638-550x461.png 550w, https:\/\/quepocamadre.com\/wp-content\/uploads\/2023\/02\/DISENO-FOTO-VIDEO-2023-02-08T093756.638-800x671.png 800w, https:\/\/quepocamadre.com\/wp-content\/uploads\/2023\/02\/DISENO-FOTO-VIDEO-2023-02-08T093756.638.png 940w\" sizes=\"(max-width: 300px) 100vw, 300px\" \/><\/p>\n","protected":false},"excerpt":{"rendered":"<p>Una persona en situaci\u00f3n de calle muri\u00f3 atropellada en las v\u00edas del tren que cruzan entre las colonias Guadalupe Victoria y La Trinidad, en el Centro de #Quer\u00e9taro. La v\u00edctima de aproximadamente 35 a\u00f1os de edad, quien aparentemente hizo caso omiso del sonido del silbato del tren termin\u00f3 siendo embestido por uno de los furgones. [&hellip;]<\/p>\n","protected":false},"author":12,"featured_media":25394,"comment_status":"open","ping_status":"open","sticky":false,"template":"","format":"standard","meta":{"footnotes":""},"categories":[179],"tags":[],"class_list":["post-25393","post","type-post","status-publish","format-standard","has-post-thumbnail","hentry","category-qr"],"_links":{"self":[{"href":"https:\/\/quepocamadre.com\/index.php?rest_route=\/wp\/v2\/posts\/25393","targetHints":{"allow":["GET"]}}],"collection":[{"href":"https:\/\/quepocamadre.com\/index.php?rest_route=\/wp\/v2\/posts"}],"about":[{"href":"https:\/\/quepocamadre.com\/index.php?rest_route=\/wp\/v2\/types\/post"}],"author":[{"embeddable":true,"href":"https:\/\/quepocamadre.com\/index.php?rest_route=\/wp\/v2\/users\/12"}],"replies":[{"embeddable":true,"href":"https:\/\/quepocamadre.com\/index.php?rest_route=%2Fwp%2Fv2%2Fcomments&post=25393"}],"version-history":[{"count":1,"href":"https:\/\/quepocamadre.com\/index.php?rest_route=\/wp\/v2\/posts\/25393\/revisions"}],"predecessor-version":[{"id":25396,"href":"https:\/\/quepocamadre.com\/index.php?rest_route=\/wp\/v2\/posts\/25393\/revisions\/25396"}],"wp:featuredmedia":[{"embeddable":true,"href":"https:\/\/quepocamadre.com\/index.php?rest_route=\/wp\/v2\/media\/25394"}],"wp:attachment":[{"href":"https:\/\/quepocamadre.com\/index.php?rest_route=%2Fwp%2Fv2%2Fmedia&parent=25393"}],"wp:term":[{"taxonomy":"category","embeddable":true,"href":"https:\/\/quepocamadre.com\/index.php?rest_route=%2Fwp%2Fv2%2Fcategories&post=25393"},{"taxonomy":"post_tag","embeddable":true,"href":"https:\/\/quepocamadre.com\/index.php?rest_route=%2Fwp%2Fv2%2Ftags&post=25393"}],"curies":[{"name":"wp","href":"https:\/\/api.w.org\/{rel}","templated":true}]}}